{"id":4908,"date":"2021-06-21T21:05:52","date_gmt":"2021-06-21T20:05:52","guid":{"rendered":"https:\/\/www.ptosanjose.com\/colegio\/?p=4908"},"modified":"2021-07-12T17:08:27","modified_gmt":"2021-07-12T16:08:27","slug":"celebracion-fin-de-curso-infantil-y-1o-y-2o-primaria","status":"publish","type":"post","link":"https:\/\/www.ptosanjose.com\/colegio\/2021\/06\/21\/celebracion-fin-de-curso-infantil-y-1o-y-2o-primaria\/","title":{"rendered":"CELEBRACI\u00d3N FIN DE CURSO INFANTIL,  1\u00ba Y 2\u00ba PRIMARIA"},"content":{"rendered":"<div dir=\"auto\">Hoy, infantil y 1\u00ba y 2\u00ba de Primaria, hemos hecho una aut\u00e9ntica celebraci\u00f3n para agradecer a Dios este curso en el cual hemos recibido aut\u00e9nticos regalos!<\/div>\n<div dir=\"auto\">Al igual que una semilla nosotros estamos llamados a crecer y llegar a lo m\u00e1s alto: ser felices! <a class=\"oajrlxb2 g5ia77u1 qu0x051f esr5mh6w e9989ue4 r7d6kgcz rq0escxv nhd2j8a9 nc684nl6 p7hjln8o kvgmc6g5 cxmmr5t8 oygrvhab hcukyx3x jb3vyjys rz4wbd8a qt6c0cv9 a8nywdso i1ao9s8h esuyzwwr f1sip0of lzcic4wl q66pz984 gpro0wi8 b1v8xokw\" tabindex=\"0\" role=\"link\" href=\"https:\/\/www.facebook.com\/hashtag\/somospto_sanjose?__eep__=6&amp;__cft__[0]=AZWA0GxLYP9ItdJ98cLjJrV5Z0Ag_2fv0GL_WPIcJeWsiiBy3kilwReMn3nEi7-WtRvRuJBcN-paC9POpcV5TDZUdQ3aJFaJEDBUCGmmPPKMjjrRaSAxUkYRFE9x6dykkaniusN1lOnNHDLymJfA-_OH&amp;__tn__=*NK-R\">#somospto_sanjose<\/a> <a class=\"oajrlxb2 g5ia77u1 qu0x051f esr5mh6w e9989ue4 r7d6kgcz rq0escxv nhd2j8a9 nc684nl6 p7hjln8o kvgmc6g5 cxmmr5t8 oygrvhab hcukyx3x jb3vyjys rz4wbd8a qt6c0cv9 a8nywdso i1ao9s8h esuyzwwr f1sip0of lzcic4wl q66pz984 gpro0wi8 b1v8xokw\" tabindex=\"0\" role=\"link\" href=\"https:\/\/www.facebook.com\/hashtag\/pto_sanjose?__eep__=6&amp;__cft__[0]=AZWA0GxLYP9ItdJ98cLjJrV5Z0Ag_2fv0GL_WPIcJeWsiiBy3kilwReMn3nEi7-WtRvRuJBcN-paC9POpcV5TDZUdQ3aJFaJEDBUCGmmPPKMjjrRaSAxUkYRFE9x6dykkaniusN1lOnNHDLymJfA-_OH&amp;__tn__=*NK-R\">#pto_sanjose<\/a> <a class=\"oajrlxb2 g5ia77u1 qu0x051f esr5mh6w e9989ue4 r7d6kgcz rq0escxv nhd2j8a9 nc684nl6 p7hjln8o kvgmc6g5 cxmmr5t8 oygrvhab hcukyx3x jb3vyjys rz4wbd8a qt6c0cv9 a8nywdso i1ao9s8h esuyzwwr f1sip0of lzcic4wl q66pz984 gpro0wi8 b1v8xokw\" tabindex=\"0\" role=\"link\" href=\"https:\/\/www.facebook.com\/hashtag\/familiapto_sanjose?__eep__=6&amp;__cft__[0]=AZWA0GxLYP9ItdJ98cLjJrV5Z0Ag_2fv0GL_WPIcJeWsiiBy3kilwReMn3nEi7-WtRvRuJBcN-paC9POpcV5TDZUdQ3aJFaJEDBUCGmmPPKMjjrRaSAxUkYRFE9x6dykkaniusN1lOnNHDLymJfA-_OH&amp;__tn__=*NK-R\">#familiapto_sanjose<\/a> <a class=\"oajrlxb2 g5ia77u1 qu0x051f esr5mh6w e9989ue4 r7d6kgcz rq0escxv nhd2j8a9 nc684nl6 p7hjln8o kvgmc6g5 cxmmr5t8 oygrvhab hcukyx3x jb3vyjys rz4wbd8a qt6c0cv9 a8nywdso i1ao9s8h esuyzwwr f1sip0of lzcic4wl q66pz984 gpro0wi8 b1v8xokw\" tabindex=\"0\" role=\"link\" href=\"https:\/\/www.facebook.com\/hashtag\/somosdiocesanos?__eep__=6&amp;__cft__[0]=AZWA0GxLYP9ItdJ98cLjJrV5Z0Ag_2fv0GL_WPIcJeWsiiBy3kilwReMn3nEi7-WtRvRuJBcN-paC9POpcV5TDZUdQ3aJFaJEDBUCGmmPPKMjjrRaSAxUkYRFE9x6dykkaniusN1lOnNHDLymJfA-_OH&amp;__tn__=*NK-R\">#somosdiocesanos<\/a><\/div>\n<div dir=\"auto\"><\/div>\n<div dir=\"auto\"><a href=\"https:\/\/www.facebook.com\/100063466061718\/videos\/pcb.197877289004472\/141306554733855\">FOTOS<\/a><\/div>\n<div dir=\"auto\"><\/div>\n<div dir=\"auto\"><img decoding=\"async\" src=\"https:\/\/scontent.fmad8-1.fna.fbcdn.net\/v\/t1.6435-9\/202678707_197877235671144_8117860996554539226_n.jpg?_nc_cat=101&amp;ccb=1-3&amp;_nc_sid=8bfeb9&amp;_nc_ohc=fz0TU4tOM-MAX_J62Fr&amp;tn=VBURu7AL6CIVQLJh&amp;_nc_ht=scontent.fmad8-1.fna&amp;oh=a0673d7291b279fe0e5a9e61b85ff83a&amp;oe=60F1C56B\" alt=\"Puede ser una imagen de una persona, de pie e interior\" \/><\/div>\n","protected":false},"excerpt":{"rendered":"<p>Hoy, infantil y 1\u00ba y 2\u00ba de Primaria, hemos hecho una aut\u00e9ntica celebraci\u00f3n para agradecer a Dios este curso en &hellip; <\/p>\n","protected":false},"author":2,"featured_media":4909,"comment_status":"closed","ping_status":"open","sticky":false,"template":"","format":"standard","meta":{"_eb_attr":"","footnotes":""},"categories":[4,10,5],"tags":[],"class_list":["post-4908","post","type-post","status-publish","format-standard","has-post-thumbnail","hentry","category-infantil","category-noticias","category-primaria","latest_post"],"_links":{"self":[{"href":"https:\/\/www.ptosanjose.com\/colegio\/wp-json\/wp\/v2\/posts\/4908","targetHints":{"allow":["GET"]}}],"collection":[{"href":"https:\/\/www.ptosanjose.com\/colegio\/wp-json\/wp\/v2\/posts"}],"about":[{"href":"https:\/\/www.ptosanjose.com\/colegio\/wp-json\/wp\/v2\/types\/post"}],"author":[{"embeddable":true,"href":"https:\/\/www.ptosanjose.com\/colegio\/wp-json\/wp\/v2\/users\/2"}],"replies":[{"embeddable":true,"href":"https:\/\/www.ptosanjose.com\/colegio\/wp-json\/wp\/v2\/comments?post=4908"}],"version-history":[{"count":2,"href":"https:\/\/www.ptosanjose.com\/colegio\/wp-json\/wp\/v2\/posts\/4908\/revisions"}],"predecessor-version":[{"id":4911,"href":"https:\/\/www.ptosanjose.com\/colegio\/wp-json\/wp\/v2\/posts\/4908\/revisions\/4911"}],"wp:featuredmedia":[{"embeddable":true,"href":"https:\/\/www.ptosanjose.com\/colegio\/wp-json\/wp\/v2\/media\/4909"}],"wp:attachment":[{"href":"https:\/\/www.ptosanjose.com\/colegio\/wp-json\/wp\/v2\/media?parent=4908"}],"wp:term":[{"taxonomy":"category","embeddable":true,"href":"https:\/\/www.ptosanjose.com\/colegio\/wp-json\/wp\/v2\/categories?post=4908"},{"taxonomy":"post_tag","embeddable":true,"href":"https:\/\/www.ptosanjose.com\/colegio\/wp-json\/wp\/v2\/tags?post=4908"}],"curies":[{"name":"wp","href":"https:\/\/api.w.org\/{rel}","templated":true}]}}