{"id":4947,"date":"2021-06-02T17:31:09","date_gmt":"2021-06-02T16:31:09","guid":{"rendered":"https:\/\/www.ptosanjose.com\/colegio\/?p=4947"},"modified":"2021-07-12T17:32:05","modified_gmt":"2021-07-12T16:32:05","slug":"admision-eso-curso-21-22","status":"publish","type":"post","link":"https:\/\/www.ptosanjose.com\/colegio\/2021\/06\/02\/admision-eso-curso-21-22\/","title":{"rendered":"ADMISI\u00d3N ESO CURSO 21\/22"},"content":{"rendered":"<div dir=\"auto\"><span class=\"pq6dq46d tbxw36s4 knj5qynh kvgmc6g5 ditlmg2l oygrvhab nvdbi5me sf5mxxl7 gl3lb2sf hhz5lgdu\"><img loading=\"lazy\" decoding=\"async\" src=\"https:\/\/static.xx.fbcdn.net\/images\/emoji.php\/v9\/td\/2\/16\/1f534.png\" alt=\"\ud83d\udd34\" width=\"16\" height=\"16\" \/><\/span>ADMISI\u00d3N ESO<span class=\"pq6dq46d tbxw36s4 knj5qynh kvgmc6g5 ditlmg2l oygrvhab nvdbi5me sf5mxxl7 gl3lb2sf hhz5lgdu\"><img loading=\"lazy\" decoding=\"async\" src=\"https:\/\/static.xx.fbcdn.net\/images\/emoji.php\/v9\/td\/2\/16\/1f534.png\" alt=\"\ud83d\udd34\" width=\"16\" height=\"16\" \/><\/span><\/div>\n<div dir=\"auto\">Ma\u00f1ana 3 de junio empieza el periodo de admisi\u00f3n para la etapa de ESO <a class=\"oajrlxb2 g5ia77u1 qu0x051f esr5mh6w e9989ue4 r7d6kgcz rq0escxv nhd2j8a9 nc684nl6 p7hjln8o kvgmc6g5 cxmmr5t8 oygrvhab hcukyx3x jb3vyjys rz4wbd8a qt6c0cv9 a8nywdso i1ao9s8h esuyzwwr f1sip0of lzcic4wl q66pz984 gpro0wi8 b1v8xokw\" tabindex=\"0\" role=\"link\" href=\"https:\/\/www.facebook.com\/hashtag\/pto_sanjose?__eep__=6&amp;__cft__[0]=AZU9iUzdNoqPQNoqHsEBHu7w7xa9amIJOnzCFRWtResJV4Nfi-QgG10yNtDXpiZbQlqGEZnG2HMqJ77qVEpMxW-mBui1_JBaAM5iE_9P7us34BtR7Qw651X_7KJ7-GkEeMnG7RBX5A8vhnaKi2q-mDOM&amp;__tn__=*NK-R\">#pto_sanjose<\/a> <a class=\"oajrlxb2 g5ia77u1 qu0x051f esr5mh6w e9989ue4 r7d6kgcz rq0escxv nhd2j8a9 nc684nl6 p7hjln8o kvgmc6g5 cxmmr5t8 oygrvhab hcukyx3x jb3vyjys rz4wbd8a qt6c0cv9 a8nywdso i1ao9s8h esuyzwwr f1sip0of lzcic4wl q66pz984 gpro0wi8 b1v8xokw\" tabindex=\"0\" role=\"link\" href=\"https:\/\/www.facebook.com\/hashtag\/somospto_sanjose?__eep__=6&amp;__cft__[0]=AZU9iUzdNoqPQNoqHsEBHu7w7xa9amIJOnzCFRWtResJV4Nfi-QgG10yNtDXpiZbQlqGEZnG2HMqJ77qVEpMxW-mBui1_JBaAM5iE_9P7us34BtR7Qw651X_7KJ7-GkEeMnG7RBX5A8vhnaKi2q-mDOM&amp;__tn__=*NK-R\">#somospto_sanjose<\/a> <a class=\"oajrlxb2 g5ia77u1 qu0x051f esr5mh6w e9989ue4 r7d6kgcz rq0escxv nhd2j8a9 nc684nl6 p7hjln8o kvgmc6g5 cxmmr5t8 oygrvhab hcukyx3x jb3vyjys rz4wbd8a qt6c0cv9 a8nywdso i1ao9s8h esuyzwwr f1sip0of lzcic4wl q66pz984 gpro0wi8 b1v8xokw\" tabindex=\"0\" role=\"link\" href=\"https:\/\/www.facebook.com\/hashtag\/somosdiocesanos?__eep__=6&amp;__cft__[0]=AZU9iUzdNoqPQNoqHsEBHu7w7xa9amIJOnzCFRWtResJV4Nfi-QgG10yNtDXpiZbQlqGEZnG2HMqJ77qVEpMxW-mBui1_JBaAM5iE_9P7us34BtR7Qw651X_7KJ7-GkEeMnG7RBX5A8vhnaKi2q-mDOM&amp;__tn__=*NK-R\">#somosdiocesanos<\/a><\/div>\n<div dir=\"auto\"><img decoding=\"async\" src=\"https:\/\/scontent.fmad8-1.fna.fbcdn.net\/v\/t1.6435-9\/193024045_181510903974444_8004528769084134954_n.jpg?_nc_cat=108&amp;ccb=1-3&amp;_nc_sid=730e14&amp;_nc_ohc=USbvpEdJt2gAX-4fgHR&amp;_nc_ht=scontent.fmad8-1.fna&amp;oh=f8f8fe91842752ce72035d7623926751&amp;oe=60F1C3FC\" alt=\"Puede ser una imagen de una persona y texto que dice &quot;\u00a1ABIERTO EL PLAZO DE PREINSCRIPCI\u00d3N! (EDUCACI\u00d3N SECUNDARIA) \u00a1DEL 3 AL 14 DE JUNIO! De forma telem\u00e1tica en: http:\/\/portaledlu.gva.es\/telematricula Si lo prefieres, ll\u00e1manos te daremos cita para completar la preinscripci\u00f3n en nuestro centro 96 130 97 37 COLEGIO DIOCESANO SAN JOS\u00c9 CENTRO CONCERTADO&quot;\" \/><\/div>\n","protected":false},"excerpt":{"rendered":"<p>ADMISI\u00d3N ESO Ma\u00f1ana 3 de junio empieza el periodo de admisi\u00f3n para la etapa de ESO #pto_sanjose #somospto_sanjose #somosdiocesanos<\/p>\n","protected":false},"author":2,"featured_media":4948,"comment_status":"closed","ping_status":"open","sticky":false,"template":"","format":"standard","meta":{"_eb_attr":"","footnotes":""},"categories":[10,6],"tags":[],"class_list":["post-4947","post","type-post","status-publish","format-standard","has-post-thumbnail","hentry","category-noticias","category-secundaria","latest_post"],"_links":{"self":[{"href":"https:\/\/www.ptosanjose.com\/colegio\/wp-json\/wp\/v2\/posts\/4947","targetHints":{"allow":["GET"]}}],"collection":[{"href":"https:\/\/www.ptosanjose.com\/colegio\/wp-json\/wp\/v2\/posts"}],"about":[{"href":"https:\/\/www.ptosanjose.com\/colegio\/wp-json\/wp\/v2\/types\/post"}],"author":[{"embeddable":true,"href":"https:\/\/www.ptosanjose.com\/colegio\/wp-json\/wp\/v2\/users\/2"}],"replies":[{"embeddable":true,"href":"https:\/\/www.ptosanjose.com\/colegio\/wp-json\/wp\/v2\/comments?post=4947"}],"version-history":[{"count":1,"href":"https:\/\/www.ptosanjose.com\/colegio\/wp-json\/wp\/v2\/posts\/4947\/revisions"}],"predecessor-version":[{"id":4949,"href":"https:\/\/www.ptosanjose.com\/colegio\/wp-json\/wp\/v2\/posts\/4947\/revisions\/4949"}],"wp:featuredmedia":[{"embeddable":true,"href":"https:\/\/www.ptosanjose.com\/colegio\/wp-json\/wp\/v2\/media\/4948"}],"wp:attachment":[{"href":"https:\/\/www.ptosanjose.com\/colegio\/wp-json\/wp\/v2\/media?parent=4947"}],"wp:term":[{"taxonomy":"category","embeddable":true,"href":"https:\/\/www.ptosanjose.com\/colegio\/wp-json\/wp\/v2\/categories?post=4947"},{"taxonomy":"post_tag","embeddable":true,"href":"https:\/\/www.ptosanjose.com\/colegio\/wp-json\/wp\/v2\/tags?post=4947"}],"curies":[{"name":"wp","href":"https:\/\/api.w.org\/{rel}","templated":true}]}}